{"id":548,"date":"2024-07-02T01:12:46","date_gmt":"2024-07-02T01:12:46","guid":{"rendered":"https:\/\/amjcmac.org\/?p=548"},"modified":"2024-08-30T06:44:42","modified_gmt":"2024-08-30T06:44:42","slug":"resena-del-ii-congreso-multidisciplinario-sobre-diabetes-mellitus-2","status":"publish","type":"post","link":"https:\/\/amjcmac.org\/?p=548","title":{"rendered":"Rese\u00f1a del II Congreso Multidisciplinario sobre Diabetes Mellitus"},"content":{"rendered":"\n<h4 class=\"wp-block-heading\"><\/h4>\n\n\n\n<p>Con poco mas de 460 asistentes inici\u00f3 el II Congreso Multidisciplinario sobre Diabetes Mellitus en el Centro de la Amistad, este 1 y 2 de marzo de 2024. Ponencias desde los enfoques de especialistas en Odontolog\u00eda, Oftalmolog\u00eda, Podolog\u00eda, Pat\u00f3logos, Salud P\u00fablica, Nutrici\u00f3n y Endocrinolog\u00eda, a su vez con participaciones de enfermer\u00eda en el cuidado y seguimiento de pacientes con \u00e9sta patolog\u00eda.<\/p>\n\n\n\n<p>Poco m\u00e1s del 70% de los congresistas fueron espec\u00edficamente estudiantes, y m\u00e1s del 60% de ellos con grado de licenciatura.<\/p>\n\n\n\n<p>La Asociaci\u00f3n M\u00e9dica de Jalisco, Colegio de M\u00e9dicos A. C. (AMJ) en presencia de su Presidenta la Dra. Guadalupe Galv\u00e1n Salcedo y en Coordinaci\u00f3n de su Secretario el Dr. Igor Ramos Herrera, enfocaron temas y ponentes que fomentaran y dispusieran herramientas b\u00e1sicas en estudiantes, familiares y profesionales de la salud que sobrellevan los cuidados de salud de pacientes con Diabetes o en prevenci\u00f3n de la misma, cumpliendo el objetivo en el congreso.<\/p>\n\n\n\n<p>Los temas abordados hablaron sobre pacientes con Diabetes y sin Diabetes, con consejos de cuidados y para sobrellevar los estados y molestias en pacientes cr\u00f3nicos. El enfoque de los temas son principalmente en torno a la prevenci\u00f3n como eje principal, ya que \u00e9sta enfermedad lleva consigo varias complicaciones y se une con otras comorbilidades llevando a una defunci\u00f3n a edades tempranas y complejas, consumiendo recursos y calidad de vida desmejorada.<\/p>\n\n\n\n<p>Las ponencias magistrales trajeron a expertos y personal profesional de alto nivel, contando con la presencia del Dr. Alfonso Petersen, Dr. Rafael Santana, Dra. Nancy Adriana Sanchez Morlett L\u00e1zaro, Dr. Jorge Alberto P\u00e9rez G\u00f3mez, entre otros.<\/p>\n\n\n\n<p>Adem\u00e1s se dispusieron de m\u00f3dulos stands con herramientas y productos que fueron muy concurridos, a su vez detecciones de enfermedades transmisi\u00f3n sexual.<\/p>\n\n\n\n<p>El Congreso se organiz\u00f3 desde la AMJ con participaciones de los colegios y asociaciones afiliadas, entre ellos, Centenaria, Pod\u00f3logos, Medicina Familiar, Inform\u00e1tica M\u00e9dica, Alumnos de Medicina, etc.<\/p>\n\n\n\n<div class=\"wp-block-group is-layout-constrained wp-block-group-is-layout-constrained\">\n<div class=\"wp-block-group is-layout-constrained wp-block-group-is-layout-constrained\">\n<div class=\"wp-block-columns are-vertically-aligned-center is-layout-flex wp-container-core-columns-is-layout-28f84493 wp-block-columns-is-layout-flex\">\n<div class=\"wp-block-column is-vertically-aligned-center is-layout-flow wp-block-column-is-layout-flow\" style=\"flex-basis:100%\"><\/div>\n<\/div>\n\n\n\n<div class=\"wp-block-essential-blocks-slider\"><div class=\"eb-parent-wrapper eb-parent-eb-slider-4l878 \"><div class=\"eb-slider-wrapper eb-slider-4l878\" data-settings=\"{&quot;arrows&quot;:true,&quot;adaptiveHeight&quot;:false,&quot;autoplay&quot;:true,&quot;autoplaySpeed&quot;:3000,&quot;dots&quot;:true,&quot;fade&quot;:false,&quot;infinite&quot;:true,&quot;pauseOnHover&quot;:true,&quot;slidesToShow&quot;:1,&quot;speed&quot;:500,&quot;vertical&quot;:false,&quot;currentSlide&quot;:0,&quot;rtl&quot;:false,&quot;responsive&quot;:[{&quot;breakpoint&quot;:1025,&quot;settings&quot;:{&quot;slidesToShow&quot;:1}},{&quot;breakpoint&quot;:767,&quot;settings&quot;:{&quot;slidesToShow&quot;:1}}]}\" data-images=\"[{&quot;url&quot;:&quot;https:\/\/amjcmac.org\/wp-content\/uploads\/2024\/07\/WhatsApp-Image-2024-03-16-at-10.52.23-AM-2-2.jpeg&quot;,&quot;alt&quot;:&quot;&quot;,&quot;id&quot;:0,&quot;imageId&quot;:624,&quot;caption&quot;:&quot;&quot;,&quot;title&quot;:&quot;Slider 1&quot;,&quot;subtitle&quot;:&quot;Essential Blocks Slider Subtitle&quot;,&quot;showButton&quot;:true,&quot;buttonText&quot;:&quot;See More&quot;,&quot;buttonUrl&quot;:&quot;&quot;,&quot;openNewTab&quot;:false,&quot;isValidUrl&quot;:true,&quot;showSecondButton&quot;:false,&quot;secondButtonText&quot;:&quot;See More&quot;,&quot;secondButtonUrl&quot;:&quot;&quot;,&quot;secondButtonOpenNewTab&quot;:false},{&quot;url&quot;:&quot;https:\/\/amjcmac.org\/wp-content\/uploads\/2024\/07\/WhatsApp-Image-2024-03-16-at-10.52.24-AM-2-2.jpeg&quot;,&quot;alt&quot;:&quot;&quot;,&quot;id&quot;:1,&quot;imageId&quot;:625,&quot;caption&quot;:&quot;&quot;,&quot;title&quot;:&quot;Slider 2&quot;,&quot;subtitle&quot;:&quot;Essential Blocks Slider Subtitle&quot;,&quot;showButton&quot;:true,&quot;buttonText&quot;:&quot;See More&quot;,&quot;buttonUrl&quot;:&quot;&quot;,&quot;openNewTab&quot;:false,&quot;isValidUrl&quot;:true,&quot;showSecondButton&quot;:false,&quot;secondButtonText&quot;:&quot;See More&quot;,&quot;secondButtonUrl&quot;:&quot;&quot;,&quot;secondButtonOpenNewTab&quot;:false},{&quot;url&quot;:&quot;https:\/\/amjcmac.org\/wp-content\/uploads\/2024\/07\/WhatsApp-Image-2024-03-16-at-10.52.22-AM-1.jpeg&quot;,&quot;alt&quot;:&quot;&quot;,&quot;id&quot;:2,&quot;imageId&quot;:626,&quot;caption&quot;:&quot;&quot;,&quot;title&quot;:&quot;Slider 3&quot;,&quot;subtitle&quot;:&quot;Essential Blocks Slider Subtitle&quot;,&quot;showButton&quot;:true,&quot;buttonText&quot;:&quot;See More&quot;,&quot;buttonUrl&quot;:&quot;&quot;,&quot;openNewTab&quot;:false,&quot;isValidUrl&quot;:true,&quot;showSecondButton&quot;:false,&quot;secondButtonText&quot;:&quot;See More&quot;,&quot;secondButtonUrl&quot;:&quot;&quot;,&quot;secondButtonOpenNewTab&quot;:false},{&quot;url&quot;:&quot;https:\/\/amjcmac.org\/wp-content\/uploads\/2024\/07\/WhatsApp-Image-2024-03-16-at-10.52.22-AM-3.jpeg&quot;,&quot;alt&quot;:&quot;&quot;,&quot;id&quot;:3,&quot;imageId&quot;:627,&quot;caption&quot;:&quot;&quot;,&quot;title&quot;:&quot;Slider 4&quot;,&quot;subtitle&quot;:&quot;Essential Blocks Slider Subtitle&quot;,&quot;showButton&quot;:true,&quot;buttonText&quot;:&quot;See More&quot;,&quot;buttonUrl&quot;:&quot;&quot;,&quot;openNewTab&quot;:false,&quot;isValidUrl&quot;:true,&quot;showSecondButton&quot;:false,&quot;secondButtonText&quot;:&quot;See More&quot;,&quot;secondButtonUrl&quot;:&quot;&quot;,&quot;secondButtonOpenNewTab&quot;:false},{&quot;url&quot;:&quot;https:\/\/amjcmac.org\/wp-content\/uploads\/2024\/07\/WhatsApp-Image-2024-03-16-at-10.52.24-AM.jpeg&quot;,&quot;alt&quot;:&quot;&quot;,&quot;id&quot;:4,&quot;imageId&quot;:628,&quot;caption&quot;:&quot;&quot;,&quot;title&quot;:&quot;Slider 5&quot;,&quot;subtitle&quot;:&quot;Essential Blocks Slider Subtitle&quot;,&quot;showButton&quot;:true,&quot;buttonText&quot;:&quot;See More&quot;,&quot;buttonUrl&quot;:&quot;&quot;,&quot;openNewTab&quot;:false,&quot;isValidUrl&quot;:true,&quot;showSecondButton&quot;:false,&quot;secondButtonText&quot;:&quot;See More&quot;,&quot;secondButtonUrl&quot;:&quot;&quot;,&quot;secondButtonOpenNewTab&quot;:false},{&quot;url&quot;:&quot;https:\/\/amjcmac.org\/wp-content\/uploads\/2024\/07\/WhatsApp-Image-2024-03-16-at-10.52.22-AM-6.jpeg&quot;,&quot;alt&quot;:&quot;&quot;,&quot;id&quot;:5,&quot;imageId&quot;:629,&quot;caption&quot;:&quot;&quot;,&quot;title&quot;:&quot;Slider 6&quot;,&quot;subtitle&quot;:&quot;Essential Blocks Slider Subtitle&quot;,&quot;showButton&quot;:true,&quot;buttonText&quot;:&quot;See More&quot;,&quot;buttonUrl&quot;:&quot;&quot;,&quot;openNewTab&quot;:false,&quot;isValidUrl&quot;:true,&quot;showSecondButton&quot;:false,&quot;secondButtonText&quot;:&quot;See More&quot;,&quot;secondButtonUrl&quot;:&quot;&quot;,&quot;secondButtonOpenNewTab&quot;:false},{&quot;url&quot;:&quot;https:\/\/amjcmac.org\/wp-content\/uploads\/2024\/07\/WhatsApp-Image-2024-03-16-at-10.52.18-AM.jpeg&quot;,&quot;alt&quot;:&quot;&quot;,&quot;id&quot;:6,&quot;imageId&quot;:630,&quot;caption&quot;:&quot;&quot;,&quot;title&quot;:&quot;Slider 7&quot;,&quot;subtitle&quot;:&quot;Essential Blocks Slider Subtitle&quot;,&quot;showButton&quot;:true,&quot;buttonText&quot;:&quot;See More&quot;,&quot;buttonUrl&quot;:&quot;&quot;,&quot;openNewTab&quot;:false,&quot;isValidUrl&quot;:true,&quot;showSecondButton&quot;:false,&quot;secondButtonText&quot;:&quot;See More&quot;,&quot;secondButtonUrl&quot;:&quot;&quot;,&quot;secondButtonOpenNewTab&quot;:false},{&quot;url&quot;:&quot;https:\/\/amjcmac.org\/wp-content\/uploads\/2024\/07\/WhatsApp-Image-2024-03-16-at-10.52.22-AM-5.jpeg&quot;,&quot;alt&quot;:&quot;&quot;,&quot;id&quot;:7,&quot;imageId&quot;:631,&quot;caption&quot;:&quot;&quot;,&quot;title&quot;:&quot;Slider 8&quot;,&quot;subtitle&quot;:&quot;Essential Blocks Slider Subtitle&quot;,&quot;showButton&quot;:true,&quot;buttonText&quot;:&quot;See More&quot;,&quot;buttonUrl&quot;:&quot;&quot;,&quot;openNewTab&quot;:false,&quot;isValidUrl&quot;:true,&quot;showSecondButton&quot;:false,&quot;secondButtonText&quot;:&quot;See More&quot;,&quot;secondButtonUrl&quot;:&quot;&quot;,&quot;secondButtonOpenNewTab&quot;:false},{&quot;url&quot;:&quot;https:\/\/amjcmac.org\/wp-content\/uploads\/2024\/07\/WhatsApp-Image-2024-03-16-at-10.52.22-AM-4.jpeg&quot;,&quot;alt&quot;:&quot;&quot;,&quot;id&quot;:8,&quot;imageId&quot;:632,&quot;caption&quot;:&quot;&quot;,&quot;title&quot;:&quot;Slider 9&quot;,&quot;subtitle&quot;:&quot;Essential Blocks Slider Subtitle&quot;,&quot;showButton&quot;:true,&quot;buttonText&quot;:&quot;See More&quot;,&quot;buttonUrl&quot;:&quot;&quot;,&quot;openNewTab&quot;:false,&quot;isValidUrl&quot;:true,&quot;showSecondButton&quot;:false,&quot;secondButtonText&quot;:&quot;See More&quot;,&quot;secondButtonUrl&quot;:&quot;&quot;,&quot;secondButtonOpenNewTab&quot;:false}]\" data-slidercontenttype=\"content-1\" data-slidertype=\"image\" data-textalign=\"left\" data-arrownexticon=\"fas fa-arrow-alt-circle-right\" data-arrowprevicon=\"fas fa-arrow-alt-circle-left\" data-titletag=\"h2\" data-contenttag=\"p\"><div class=\"image\"><div class=\"eb-slider-item content-1\"><img decoding=\"async\" class=\"eb-slider-image\" src=\"https:\/\/amjcmac.org\/wp-content\/uploads\/2024\/07\/WhatsApp-Image-2024-03-16-at-10.52.23-AM-2-2.jpeg\"\/><\/div><div class=\"eb-slider-item content-1\"><img decoding=\"async\" class=\"eb-slider-image\" src=\"https:\/\/amjcmac.org\/wp-content\/uploads\/2024\/07\/WhatsApp-Image-2024-03-16-at-10.52.24-AM-2-2.jpeg\"\/><\/div><div class=\"eb-slider-item content-1\"><img decoding=\"async\" class=\"eb-slider-image\" src=\"https:\/\/amjcmac.org\/wp-content\/uploads\/2024\/07\/WhatsApp-Image-2024-03-16-at-10.52.22-AM-1.jpeg\"\/><\/div><div class=\"eb-slider-item content-1\"><img decoding=\"async\" class=\"eb-slider-image\" src=\"https:\/\/amjcmac.org\/wp-content\/uploads\/2024\/07\/WhatsApp-Image-2024-03-16-at-10.52.22-AM-3.jpeg\"\/><\/div><div class=\"eb-slider-item content-1\"><img decoding=\"async\" class=\"eb-slider-image\" src=\"https:\/\/amjcmac.org\/wp-content\/uploads\/2024\/07\/WhatsApp-Image-2024-03-16-at-10.52.24-AM.jpeg\"\/><\/div><div class=\"eb-slider-item content-1\"><img decoding=\"async\" class=\"eb-slider-image\" src=\"https:\/\/amjcmac.org\/wp-content\/uploads\/2024\/07\/WhatsApp-Image-2024-03-16-at-10.52.22-AM-6.jpeg\"\/><\/div><div class=\"eb-slider-item content-1\"><img decoding=\"async\" class=\"eb-slider-image\" src=\"https:\/\/amjcmac.org\/wp-content\/uploads\/2024\/07\/WhatsApp-Image-2024-03-16-at-10.52.18-AM.jpeg\"\/><\/div><div class=\"eb-slider-item content-1\"><img decoding=\"async\" class=\"eb-slider-image\" src=\"https:\/\/amjcmac.org\/wp-content\/uploads\/2024\/07\/WhatsApp-Image-2024-03-16-at-10.52.22-AM-5.jpeg\"\/><\/div><div class=\"eb-slider-item content-1\"><img decoding=\"async\" class=\"eb-slider-image\" src=\"https:\/\/amjcmac.org\/wp-content\/uploads\/2024\/07\/WhatsApp-Image-2024-03-16-at-10.52.22-AM-4.jpeg\"\/><\/div><\/div><\/div><\/div><\/div>\n<\/div>\n<\/div>\n","protected":false},"excerpt":{"rendered":"<p>Con poco mas de 460 asistentes inici\u00f3 el II Congreso Multidisciplinario sobre Diabetes Mellitus en el Centro de la Amistad, este 1 y 2 de marzo de 2024. Ponencias desde &hellip;<\/p>\n<p class=\"read-more\"> <a class=\"\" href=\"https:\/\/amjcmac.org\/?p=548\"> <span class=\"screen-reader-text\">Rese\u00f1a del II Congreso Multidisciplinario sobre Diabetes Mellitus<\/span> Leer m\u00e1s &raquo;<\/a><\/p>\n","protected":false},"author":1,"featured_media":0,"comment_status":"open","ping_status":"closed","sticky":false,"template":"","format":"standard","meta":{"_eb_attr":"","site-sidebar-layout":"default","site-content-layout":"","ast-site-content-layout":"","site-content-style":"default","site-sidebar-style":"default","ast-global-header-display":"","ast-banner-title-visibility":"","ast-main-header-display":"","ast-hfb-above-header-display":"","ast-hfb-below-header-display":"","ast-hfb-mobile-header-display":"","site-post-title":"","ast-breadcrumbs-content":"","ast-featured-img":"","footer-sml-layout":"","theme-transparent-header-meta":"","adv-header-id-meta":"","stick-header-meta":"","header-above-stick-meta":"","header-main-stick-meta":"","header-below-stick-meta":"","astra-migrate-meta-layouts":"","ast-page-background-enabled":"default","ast-page-background-meta":{"desktop":{"background-color":"var(--ast-global-color-4)","background-image":"","background-repeat":"repeat","background-position":"center center","background-size":"auto","background-attachment":"scroll","background-type":"","background-media":"","overlay-type":"","overlay-color":"","overlay-gradient":""},"tablet":{"background-color":"","background-image":"","background-repeat":"repeat","background-position":"center center","background-size":"auto","background-attachment":"scroll","background-type":"","background-media":"","overlay-type":"","overlay-color":"","overlay-gradient":""},"mobile":{"background-color":"","background-image":"","background-repeat":"repeat","background-position":"center center","background-size":"auto","background-attachment":"scroll","background-type":"","background-media":"","overlay-type":"","overlay-color":"","overlay-gradient":""}},"ast-content-background-meta":{"desktop":{"background-color":"var(--ast-global-color-5)","background-image":"","background-repeat":"repeat","background-position":"center center","background-size":"auto","background-attachment":"scroll","background-type":"","background-media":"","overlay-type":"","overlay-color":"","overlay-gradient":""},"tablet":{"background-color":"var(--ast-global-color-5)","background-image":"","background-repeat":"repeat","background-position":"center center","background-size":"auto","background-attachment":"scroll","background-type":"","background-media":"","overlay-type":"","overlay-color":"","overlay-gradient":""},"mobile":{"background-color":"var(--ast-global-color-5)","background-image":"","background-repeat":"repeat","background-position":"center center","background-size":"auto","background-attachment":"scroll","background-type":"","background-media":"","overlay-type":"","overlay-color":"","overlay-gradient":""}},"footnotes":""},"categories":[1],"tags":[],"class_list":["post-548","post","type-post","status-publish","format-standard","hentry","category-uncategorized"],"yoast_head":"<!-- This site is optimized with the Yoast SEO plugin v22.0 - https:\/\/yoast.com\/wordpress\/plugins\/seo\/ -->\n<title>Rese\u00f1a del II Congreso Multidisciplinario sobre Diabetes Mellitus - ASOCIACI\u00d3N M\u00c9DICA DE JALISCO, COLEGIO M\u00c9DICO, A. C.<\/title>\n<meta name=\"robots\" content=\"index, follow, max-snippet:-1, max-image-preview:large, max-video-preview:-1\" \/>\n<link rel=\"canonical\" href=\"https:\/\/amjcmac.org\/?p=548\" \/>\n<meta property=\"og:locale\" content=\"es_MX\" \/>\n<meta property=\"og:type\" content=\"article\" \/>\n<meta property=\"og:title\" content=\"Rese\u00f1a del II Congreso Multidisciplinario sobre Diabetes Mellitus - ASOCIACI\u00d3N M\u00c9DICA DE JALISCO, COLEGIO M\u00c9DICO, A. C.\" \/>\n<meta property=\"og:description\" content=\"Con poco mas de 460 asistentes inici\u00f3 el II Congreso Multidisciplinario sobre Diabetes Mellitus en el Centro de la Amistad, este 1 y 2 de marzo de 2024. Ponencias desde &hellip; Rese\u00f1a del II Congreso Multidisciplinario sobre Diabetes Mellitus Leer m\u00e1s &raquo;\" \/>\n<meta property=\"og:url\" content=\"https:\/\/amjcmac.org\/?p=548\" \/>\n<meta property=\"og:site_name\" content=\"ASOCIACI\u00d3N M\u00c9DICA DE JALISCO, COLEGIO M\u00c9DICO, A. C.\" \/>\n<meta property=\"article:published_time\" content=\"2024-07-02T01:12:46+00:00\" \/>\n<meta property=\"article:modified_time\" content=\"2024-08-30T06:44:42+00:00\" \/>\n<meta property=\"og:image\" content=\"https:\/\/amjcmac.org\/wp-content\/uploads\/2024\/07\/WhatsApp-Image-2024-03-16-at-10.52.23-AM-2-2.jpeg\" \/>\n<meta name=\"author\" content=\"admin\" \/>\n<meta name=\"twitter:card\" content=\"summary_large_image\" \/>\n<meta name=\"twitter:label1\" content=\"Escrito por\" \/>\n\t<meta name=\"twitter:data1\" content=\"admin\" \/>\n\t<meta name=\"twitter:label2\" content=\"Tiempo de lectura\" \/>\n\t<meta name=\"twitter:data2\" content=\"4 minutos\" \/>\n<script type=\"application\/ld+json\" class=\"yoast-schema-graph\">{\"@context\":\"https:\/\/schema.org\",\"@graph\":[{\"@type\":\"Article\",\"@id\":\"https:\/\/amjcmac.org\/?p=548#article\",\"isPartOf\":{\"@id\":\"https:\/\/amjcmac.org\/?p=548\"},\"author\":{\"name\":\"admin\",\"@id\":\"https:\/\/amjcmac.org\/#\/schema\/person\/7ca9062a7949a04be8d9ab41b4a0e8be\"},\"headline\":\"Rese\u00f1a del II Congreso Multidisciplinario sobre Diabetes Mellitus\",\"datePublished\":\"2024-07-02T01:12:46+00:00\",\"dateModified\":\"2024-08-30T06:44:42+00:00\",\"mainEntityOfPage\":{\"@id\":\"https:\/\/amjcmac.org\/?p=548\"},\"wordCount\":342,\"commentCount\":0,\"publisher\":{\"@id\":\"https:\/\/amjcmac.org\/#organization\"},\"articleSection\":[\"Uncategorized\"],\"inLanguage\":\"es\",\"potentialAction\":[{\"@type\":\"CommentAction\",\"name\":\"Comment\",\"target\":[\"https:\/\/amjcmac.org\/?p=548#respond\"]}]},{\"@type\":\"WebPage\",\"@id\":\"https:\/\/amjcmac.org\/?p=548\",\"url\":\"https:\/\/amjcmac.org\/?p=548\",\"name\":\"Rese\u00f1a del II Congreso Multidisciplinario sobre Diabetes Mellitus - ASOCIACI\u00d3N M\u00c9DICA DE JALISCO, COLEGIO M\u00c9DICO, A. C.\",\"isPartOf\":{\"@id\":\"https:\/\/amjcmac.org\/#website\"},\"datePublished\":\"2024-07-02T01:12:46+00:00\",\"dateModified\":\"2024-08-30T06:44:42+00:00\",\"breadcrumb\":{\"@id\":\"https:\/\/amjcmac.org\/?p=548#breadcrumb\"},\"inLanguage\":\"es\",\"potentialAction\":[{\"@type\":\"ReadAction\",\"target\":[\"https:\/\/amjcmac.org\/?p=548\"]}]},{\"@type\":\"BreadcrumbList\",\"@id\":\"https:\/\/amjcmac.org\/?p=548#breadcrumb\",\"itemListElement\":[{\"@type\":\"ListItem\",\"position\":1,\"name\":\"Home\",\"item\":\"https:\/\/amjcmac.org\/\"},{\"@type\":\"ListItem\",\"position\":2,\"name\":\"Rese\u00f1a del II Congreso Multidisciplinario sobre Diabetes Mellitus\"}]},{\"@type\":\"WebSite\",\"@id\":\"https:\/\/amjcmac.org\/#website\",\"url\":\"https:\/\/amjcmac.org\/\",\"name\":\"ASOCIACI\u00d3N M\u00c9DICA DE JALISCO, COLEGIO M\u00c9DICO, A. C.\",\"description\":\"\",\"publisher\":{\"@id\":\"https:\/\/amjcmac.org\/#organization\"},\"potentialAction\":[{\"@type\":\"SearchAction\",\"target\":{\"@type\":\"EntryPoint\",\"urlTemplate\":\"https:\/\/amjcmac.org\/?s={search_term_string}\"},\"query-input\":\"required name=search_term_string\"}],\"inLanguage\":\"es\"},{\"@type\":\"Organization\",\"@id\":\"https:\/\/amjcmac.org\/#organization\",\"name\":\"ASOCIACI\u00d3N M\u00c9DICA DE JALISCO, COLEGIO M\u00c9DICO, A. C.\",\"url\":\"https:\/\/amjcmac.org\/\",\"logo\":{\"@type\":\"ImageObject\",\"inLanguage\":\"es\",\"@id\":\"https:\/\/amjcmac.org\/#\/schema\/logo\/image\/\",\"url\":\"https:\/\/amjcmac.org\/wp-content\/uploads\/2023\/10\/Logo-AMJ-1-e1699405036427.png\",\"contentUrl\":\"https:\/\/amjcmac.org\/wp-content\/uploads\/2023\/10\/Logo-AMJ-1-e1699405036427.png\",\"width\":120,\"height\":43,\"caption\":\"ASOCIACI\u00d3N M\u00c9DICA DE JALISCO, COLEGIO M\u00c9DICO, A. C.\"},\"image\":{\"@id\":\"https:\/\/amjcmac.org\/#\/schema\/logo\/image\/\"}},{\"@type\":\"Person\",\"@id\":\"https:\/\/amjcmac.org\/#\/schema\/person\/7ca9062a7949a04be8d9ab41b4a0e8be\",\"name\":\"admin\",\"image\":{\"@type\":\"ImageObject\",\"inLanguage\":\"es\",\"@id\":\"https:\/\/amjcmac.org\/#\/schema\/person\/image\/\",\"url\":\"https:\/\/secure.gravatar.com\/avatar\/c36304c89b74b195a273f9a4abafae7ae0dae5b71c50a193e4b8815e8eeda3a0?s=96&d=mm&r=g\",\"contentUrl\":\"https:\/\/secure.gravatar.com\/avatar\/c36304c89b74b195a273f9a4abafae7ae0dae5b71c50a193e4b8815e8eeda3a0?s=96&d=mm&r=g\",\"caption\":\"admin\"},\"sameAs\":[\"https:\/\/amjcmac.org\"],\"url\":\"https:\/\/amjcmac.org\/?author=1\"}]}<\/script>\n<!-- \/ Yoast SEO plugin. -->","yoast_head_json":{"title":"Rese\u00f1a del II Congreso Multidisciplinario sobre Diabetes Mellitus - ASOCIACI\u00d3N M\u00c9DICA DE JALISCO, COLEGIO M\u00c9DICO, A. C.","robots":{"index":"index","follow":"follow","max-snippet":"max-snippet:-1","max-image-preview":"max-image-preview:large","max-video-preview":"max-video-preview:-1"},"canonical":"https:\/\/amjcmac.org\/?p=548","og_locale":"es_MX","og_type":"article","og_title":"Rese\u00f1a del II Congreso Multidisciplinario sobre Diabetes Mellitus - ASOCIACI\u00d3N M\u00c9DICA DE JALISCO, COLEGIO M\u00c9DICO, A. C.","og_description":"Con poco mas de 460 asistentes inici\u00f3 el II Congreso Multidisciplinario sobre Diabetes Mellitus en el Centro de la Amistad, este 1 y 2 de marzo de 2024. Ponencias desde &hellip; Rese\u00f1a del II Congreso Multidisciplinario sobre Diabetes Mellitus Leer m\u00e1s &raquo;","og_url":"https:\/\/amjcmac.org\/?p=548","og_site_name":"ASOCIACI\u00d3N M\u00c9DICA DE JALISCO, COLEGIO M\u00c9DICO, A. C.","article_published_time":"2024-07-02T01:12:46+00:00","article_modified_time":"2024-08-30T06:44:42+00:00","og_image":[{"url":"https:\/\/amjcmac.org\/wp-content\/uploads\/2024\/07\/WhatsApp-Image-2024-03-16-at-10.52.23-AM-2-2.jpeg"}],"author":"admin","twitter_card":"summary_large_image","twitter_misc":{"Escrito por":"admin","Tiempo de lectura":"4 minutos"},"schema":{"@context":"https:\/\/schema.org","@graph":[{"@type":"Article","@id":"https:\/\/amjcmac.org\/?p=548#article","isPartOf":{"@id":"https:\/\/amjcmac.org\/?p=548"},"author":{"name":"admin","@id":"https:\/\/amjcmac.org\/#\/schema\/person\/7ca9062a7949a04be8d9ab41b4a0e8be"},"headline":"Rese\u00f1a del II Congreso Multidisciplinario sobre Diabetes Mellitus","datePublished":"2024-07-02T01:12:46+00:00","dateModified":"2024-08-30T06:44:42+00:00","mainEntityOfPage":{"@id":"https:\/\/amjcmac.org\/?p=548"},"wordCount":342,"commentCount":0,"publisher":{"@id":"https:\/\/amjcmac.org\/#organization"},"articleSection":["Uncategorized"],"inLanguage":"es","potentialAction":[{"@type":"CommentAction","name":"Comment","target":["https:\/\/amjcmac.org\/?p=548#respond"]}]},{"@type":"WebPage","@id":"https:\/\/amjcmac.org\/?p=548","url":"https:\/\/amjcmac.org\/?p=548","name":"Rese\u00f1a del II Congreso Multidisciplinario sobre Diabetes Mellitus - ASOCIACI\u00d3N M\u00c9DICA DE JALISCO, COLEGIO M\u00c9DICO, A. C.","isPartOf":{"@id":"https:\/\/amjcmac.org\/#website"},"datePublished":"2024-07-02T01:12:46+00:00","dateModified":"2024-08-30T06:44:42+00:00","breadcrumb":{"@id":"https:\/\/amjcmac.org\/?p=548#breadcrumb"},"inLanguage":"es","potentialAction":[{"@type":"ReadAction","target":["https:\/\/amjcmac.org\/?p=548"]}]},{"@type":"BreadcrumbList","@id":"https:\/\/amjcmac.org\/?p=548#breadcrumb","itemListElement":[{"@type":"ListItem","position":1,"name":"Home","item":"https:\/\/amjcmac.org\/"},{"@type":"ListItem","position":2,"name":"Rese\u00f1a del II Congreso Multidisciplinario sobre Diabetes Mellitus"}]},{"@type":"WebSite","@id":"https:\/\/amjcmac.org\/#website","url":"https:\/\/amjcmac.org\/","name":"ASOCIACI\u00d3N M\u00c9DICA DE JALISCO, COLEGIO M\u00c9DICO, A. C.","description":"","publisher":{"@id":"https:\/\/amjcmac.org\/#organization"},"potentialAction":[{"@type":"SearchAction","target":{"@type":"EntryPoint","urlTemplate":"https:\/\/amjcmac.org\/?s={search_term_string}"},"query-input":"required name=search_term_string"}],"inLanguage":"es"},{"@type":"Organization","@id":"https:\/\/amjcmac.org\/#organization","name":"ASOCIACI\u00d3N M\u00c9DICA DE JALISCO, COLEGIO M\u00c9DICO, A. C.","url":"https:\/\/amjcmac.org\/","logo":{"@type":"ImageObject","inLanguage":"es","@id":"https:\/\/amjcmac.org\/#\/schema\/logo\/image\/","url":"https:\/\/amjcmac.org\/wp-content\/uploads\/2023\/10\/Logo-AMJ-1-e1699405036427.png","contentUrl":"https:\/\/amjcmac.org\/wp-content\/uploads\/2023\/10\/Logo-AMJ-1-e1699405036427.png","width":120,"height":43,"caption":"ASOCIACI\u00d3N M\u00c9DICA DE JALISCO, COLEGIO M\u00c9DICO, A. C."},"image":{"@id":"https:\/\/amjcmac.org\/#\/schema\/logo\/image\/"}},{"@type":"Person","@id":"https:\/\/amjcmac.org\/#\/schema\/person\/7ca9062a7949a04be8d9ab41b4a0e8be","name":"admin","image":{"@type":"ImageObject","inLanguage":"es","@id":"https:\/\/amjcmac.org\/#\/schema\/person\/image\/","url":"https:\/\/secure.gravatar.com\/avatar\/c36304c89b74b195a273f9a4abafae7ae0dae5b71c50a193e4b8815e8eeda3a0?s=96&d=mm&r=g","contentUrl":"https:\/\/secure.gravatar.com\/avatar\/c36304c89b74b195a273f9a4abafae7ae0dae5b71c50a193e4b8815e8eeda3a0?s=96&d=mm&r=g","caption":"admin"},"sameAs":["https:\/\/amjcmac.org"],"url":"https:\/\/amjcmac.org\/?author=1"}]}},"_links":{"self":[{"href":"https:\/\/amjcmac.org\/index.php?rest_route=\/wp\/v2\/posts\/548","targetHints":{"allow":["GET"]}}],"collection":[{"href":"https:\/\/amjcmac.org\/index.php?rest_route=\/wp\/v2\/posts"}],"about":[{"href":"https:\/\/amjcmac.org\/index.php?rest_route=\/wp\/v2\/types\/post"}],"author":[{"embeddable":true,"href":"https:\/\/amjcmac.org\/index.php?rest_route=\/wp\/v2\/users\/1"}],"replies":[{"embeddable":true,"href":"https:\/\/amjcmac.org\/index.php?rest_route=%2Fwp%2Fv2%2Fcomments&post=548"}],"version-history":[{"count":4,"href":"https:\/\/amjcmac.org\/index.php?rest_route=\/wp\/v2\/posts\/548\/revisions"}],"predecessor-version":[{"id":633,"href":"https:\/\/amjcmac.org\/index.php?rest_route=\/wp\/v2\/posts\/548\/revisions\/633"}],"wp:attachment":[{"href":"https:\/\/amjcmac.org\/index.php?rest_route=%2Fwp%2Fv2%2Fmedia&parent=548"}],"wp:term":[{"taxonomy":"category","embeddable":true,"href":"https:\/\/amjcmac.org\/index.php?rest_route=%2Fwp%2Fv2%2Fcategories&post=548"},{"taxonomy":"post_tag","embeddable":true,"href":"https:\/\/amjcmac.org\/index.php?rest_route=%2Fwp%2Fv2%2Ftags&post=548"}],"curies":[{"name":"wp","href":"https:\/\/api.w.org\/{rel}","templated":true}]}}